{"id":1183,"date":"2024-02-08T18:37:14","date_gmt":"2024-02-08T18:37:14","guid":{"rendered":"https:\/\/notidiario24.com.ar\/portalweb\/?p=1183"},"modified":"2024-02-08T18:37:15","modified_gmt":"2024-02-08T18:37:15","slug":"gran-convocatoria-de-jovenes-tiene-la-propuesta-mi-primer-paso-en-la-busqueda-de-un-empleo","status":"publish","type":"post","link":"https:\/\/notidiario24.com.ar\/portalweb\/2024\/02\/08\/gran-convocatoria-de-jovenes-tiene-la-propuesta-mi-primer-paso-en-la-busqueda-de-un-empleo\/","title":{"rendered":"Gran convocatoria de j\u00f3venes tiene la propuesta \u201cMi Primer Paso en la B\u00fasqueda de un Empleo\u201d"},"content":{"rendered":"\n<p>El Departamento de Capacitaci\u00f3n y Coordinaci\u00f3n de Pol\u00edticas P\u00fablicas del Municipio de R\u00edo Gallegos est\u00e1 brindando un taller de b\u00fasqueda de empleo destinado a j\u00f3venes de 18 a 25 a\u00f1os. La convocatoria fue exitosa, ya que m\u00e1s de 120 j\u00f3venes est\u00e1n participando del curso de 5 d\u00edas de duraci\u00f3n, que se lleva a cabo en el Centro Integrador N\u00b0 3. Se planea expandir la capacitaci\u00f3n a otros lugares de la ciudad en el futuro.<\/p>\n\n\n\n<!--more-->\n\n\n\n<p>Organizado por la OFIS RGL (Oficina de Formaci\u00f3n e Inclusi\u00f3n Sociolaboral) dependiente del Departamento de Coordinaci\u00f3n de Pol\u00edticas P\u00fablicas de la municipalidad, en la jornada continu\u00f3 desarroll\u00e1ndose en las instalaciones del Cenin n\u00b0 3 el curso \u201cMi Primer Paso en la B\u00fasqueda de Empleo. La presente propuesta se extender\u00e1 hasta 9 del corriente en las instalaciones del cenin ubicado en Batalla de Puerto Argentino 455.<\/p>\n\n\n\n<p>Joel Jaramillo, responsable del \u00e1rea de Pol\u00edticas P\u00fablicas del Municipio, dijo: \u201ctenemos a cargo la oficina de empleo de la Municipalidad a trav\u00e9s de la cual realizamos diferentes acciones, algunas tienen que ver con entrenamientos, inserciones laborales, y otra, como esta que estamos realizando ahora, es poder brindar en un taller las herramientas para la b\u00fasqueda de empleo a j\u00f3venes de entre 18 y 25 a\u00f1os\u201d.<\/p>\n\n\n\n<p>El funcionario agreg\u00f3 que \u201cnos vimos sorprendidos por la convocatoria, ten\u00edamos 28 cupos pero se inscribieron m\u00e1s de 120 j\u00f3venes por lo cual tuvimos que crear un nuevo grupo\u201d.<\/p>\n\n\n\n<p>Por \u00faltimo, Jaramillo indic\u00f3 que se tiene proyectado realizar la misma actividad en diferentes lugares de nuestra ciudad, para acercar estas herramientas a j\u00f3venes de todos los barrios.<\/p>\n","protected":false},"excerpt":{"rendered":"<p>El Departamento de Capacitaci\u00f3n y Coordinaci\u00f3n de Pol\u00edticas P\u00fablicas del Municipio de R\u00edo Gallegos est\u00e1 brindando un taller<\/p>\n","protected":false},"author":1,"featured_media":1184,"comment_status":"closed","ping_status":"closed","sticky":false,"template":"","format":"standard","meta":{"footnotes":""},"categories":[3],"tags":[],"class_list":["post-1183","post","type-post","status-publish","format-standard","has-post-thumbnail","hentry","category-generales"],"_links":{"self":[{"href":"https:\/\/notidiario24.com.ar\/portalweb\/wp-json\/wp\/v2\/posts\/1183","targetHints":{"allow":["GET"]}}],"collection":[{"href":"https:\/\/notidiario24.com.ar\/portalweb\/wp-json\/wp\/v2\/posts"}],"about":[{"href":"https:\/\/notidiario24.com.ar\/portalweb\/wp-json\/wp\/v2\/types\/post"}],"author":[{"embeddable":true,"href":"https:\/\/notidiario24.com.ar\/portalweb\/wp-json\/wp\/v2\/users\/1"}],"replies":[{"embeddable":true,"href":"https:\/\/notidiario24.com.ar\/portalweb\/wp-json\/wp\/v2\/comments?post=1183"}],"version-history":[{"count":1,"href":"https:\/\/notidiario24.com.ar\/portalweb\/wp-json\/wp\/v2\/posts\/1183\/revisions"}],"predecessor-version":[{"id":1185,"href":"https:\/\/notidiario24.com.ar\/portalweb\/wp-json\/wp\/v2\/posts\/1183\/revisions\/1185"}],"wp:featuredmedia":[{"embeddable":true,"href":"https:\/\/notidiario24.com.ar\/portalweb\/wp-json\/wp\/v2\/media\/1184"}],"wp:attachment":[{"href":"https:\/\/notidiario24.com.ar\/portalweb\/wp-json\/wp\/v2\/media?parent=1183"}],"wp:term":[{"taxonomy":"category","embeddable":true,"href":"https:\/\/notidiario24.com.ar\/portalweb\/wp-json\/wp\/v2\/categories?post=1183"},{"taxonomy":"post_tag","embeddable":true,"href":"https:\/\/notidiario24.com.ar\/portalweb\/wp-json\/wp\/v2\/tags?post=1183"}],"curies":[{"name":"wp","href":"https:\/\/api.w.org\/{rel}","templated":true}]}}