{"id":1180,"date":"2024-02-08T18:35:49","date_gmt":"2024-02-08T18:35:49","guid":{"rendered":"https:\/\/notidiario24.com.ar\/portalweb\/?p=1180"},"modified":"2024-02-08T18:35:50","modified_gmt":"2024-02-08T18:35:50","slug":"vidal-recorrio-escuelas-de-caleta-olivia-duele-tanto-abandono","status":"publish","type":"post","link":"https:\/\/notidiario24.com.ar\/portalweb\/2024\/02\/08\/vidal-recorrio-escuelas-de-caleta-olivia-duele-tanto-abandono\/","title":{"rendered":"Vidal recorri\u00f3 escuelas de Caleta Olivia: \u201cDuele tanto abandono\u00bb"},"content":{"rendered":"\n<p>El gobernador de Santa Cruz, quien recorre el norte santacruce\u00f1o, supervis\u00f3 las obras de refacciones en las escuelas de Caleta Olivia, acompa\u00f1ado por el intendente Pablo Carrizo. Lament\u00f3 que las escuelas sobrevivan \u201csin plan de mantenimiento\u201d.<\/p>\n\n\n\n<!--more-->\n\n\n\n<p>El mandatario provincial, Claudio Vidal, recorri\u00f3 escuelas de la zona norte. En Caleta Olivia, y acompa\u00f1ado por el intendente Pablo Carrizo, visit\u00f3 las instalaciones de la Escuela Especial n\u00famero 2 y la escuela primeria n\u00famero 79 \u201cManuel Belgrano\u201d.<\/p>\n\n\n\n<p>En esta \u00faltima instituci\u00f3n, el gobernador se alarm\u00f3 ante los testimonios de docentes y trabajadores que le describieron que no tienen tel\u00e9fono fijo porque \u201cse robaron cables\u201d; y no cuentan con internet ni agua potable.<\/p>\n\n\n\n<p>Vidal acompa\u00f1\u00f3 a los trabajadores que realizaban las tareas de refacciones y acondicionamiento de los establecimientos y lament\u00f3 la condici\u00f3n de las \u201cescuelas sin plan de mantenimiento con respecto a la infraestructura\u201d.<\/p>\n\n\n\n<p>Denunci\u00f3 que \u201chay algunas escuelas que sufren constantemente hechos vand\u00e1licos, roturas de vidrio, robo de los reflectores, robo de las bombas de agua de las cisternas\u201d, hechos que calific\u00f3 como \u201cmuy, muy graves\u201d.<\/p>\n\n\n\n<p>El mandatario expres\u00f3 que \u201cduele tanto abandono, tanta desidia respecto del futuro de nuestros hijos \u00bfc\u00f3mo pod\u00edan gobernar de espaldas al futuro de los hijos de nuestra provincia\u201d. Adem\u00e1s, pidi\u00f3 \u201ccolaboraci\u00f3n a la sociedad: el que vea hechos vand\u00e1licos que lo denuncie en las distintas comisar\u00edas de las localidades\u201d.<\/p>\n\n\n\n<p>Pidi\u00f3 que \u201cla sociedad nos ayude, porque la educaci\u00f3n es la base de cualquier construcci\u00f3n civilizada y tenemos la obligaci\u00f3n de recuperar la educaci\u00f3n entre todos, con compromiso, con trabajo, con gesti\u00f3n\u201d.<\/p>\n","protected":false},"excerpt":{"rendered":"<p>El gobernador de Santa Cruz, quien recorre el norte santacruce\u00f1o, supervis\u00f3 las obras de refacciones en las escuelas<\/p>\n","protected":false},"author":1,"featured_media":1181,"comment_status":"closed","ping_status":"closed","sticky":false,"template":"","format":"standard","meta":{"footnotes":""},"categories":[4],"tags":[],"class_list":["post-1180","post","type-post","status-publish","format-standard","has-post-thumbnail","hentry","category-politica"],"_links":{"self":[{"href":"https:\/\/notidiario24.com.ar\/portalweb\/wp-json\/wp\/v2\/posts\/1180","targetHints":{"allow":["GET"]}}],"collection":[{"href":"https:\/\/notidiario24.com.ar\/portalweb\/wp-json\/wp\/v2\/posts"}],"about":[{"href":"https:\/\/notidiario24.com.ar\/portalweb\/wp-json\/wp\/v2\/types\/post"}],"author":[{"embeddable":true,"href":"https:\/\/notidiario24.com.ar\/portalweb\/wp-json\/wp\/v2\/users\/1"}],"replies":[{"embeddable":true,"href":"https:\/\/notidiario24.com.ar\/portalweb\/wp-json\/wp\/v2\/comments?post=1180"}],"version-history":[{"count":1,"href":"https:\/\/notidiario24.com.ar\/portalweb\/wp-json\/wp\/v2\/posts\/1180\/revisions"}],"predecessor-version":[{"id":1182,"href":"https:\/\/notidiario24.com.ar\/portalweb\/wp-json\/wp\/v2\/posts\/1180\/revisions\/1182"}],"wp:featuredmedia":[{"embeddable":true,"href":"https:\/\/notidiario24.com.ar\/portalweb\/wp-json\/wp\/v2\/media\/1181"}],"wp:attachment":[{"href":"https:\/\/notidiario24.com.ar\/portalweb\/wp-json\/wp\/v2\/media?parent=1180"}],"wp:term":[{"taxonomy":"category","embeddable":true,"href":"https:\/\/notidiario24.com.ar\/portalweb\/wp-json\/wp\/v2\/categories?post=1180"},{"taxonomy":"post_tag","embeddable":true,"href":"https:\/\/notidiario24.com.ar\/portalweb\/wp-json\/wp\/v2\/tags?post=1180"}],"curies":[{"name":"wp","href":"https:\/\/api.w.org\/{rel}","templated":true}]}}