{"id":1166,"date":"2024-02-03T14:46:49","date_gmt":"2024-02-03T14:46:49","guid":{"rendered":"https:\/\/notidiario24.com.ar\/portalweb\/?p=1166"},"modified":"2024-02-03T14:46:50","modified_gmt":"2024-02-03T14:46:50","slug":"ley-omnibus-como-votaron-los-nuestros","status":"publish","type":"post","link":"https:\/\/notidiario24.com.ar\/portalweb\/2024\/02\/03\/ley-omnibus-como-votaron-los-nuestros\/","title":{"rendered":"Ley \u00d3mnibus, como votaron los nuestros"},"content":{"rendered":"\n<p>Los diputados de la provincia de Santa Cruz han mostrado una divisi\u00f3n en sus votaciones con respecto a la Ley \u00d3mnibus, aprobada en la C\u00e1mara de Diputados con 144 votos a favor y 109 en contra. Entre los cinco legisladores que representan a la provincia, dos se manifestaron a favor y tres en contra de la medida, generando un escenario llamativo especialmente en el seno del bloque Por Santa Cruz, donde hubo discrepancias en las votaciones.<\/p>\n\n\n\n<p>Roxana Reyes, representante de la Uni\u00f3n C\u00edvica Radical, y Jos\u00e9 Luis Garrido, del bloque Por Santa Cruz, fueron los diputados que expresaron su apoyo a la iniciativa.<\/p>\n\n\n\n<!--more-->\n\n\n\n<p>Reyes destac\u00f3 durante el debate que la ley contempla una mirada federal, excluyendo aspectos relacionados con la ley de pesca y asegurando la preservaci\u00f3n de la zona fr\u00eda. Por su parte, Garrido enfatiz\u00f3 la necesidad de superar etiquetas y afirm\u00f3 que la sociedad santacruce\u00f1a ya ha decidido un nuevo rumbo pol\u00edtico con el gobierno de Claudio Vidal.<\/p>\n\n\n\n<p>En contraste, Ana Mar\u00eda Ianni y Gustavo Gonz\u00e1lez, ambos del bloque Uni\u00f3n por la Patria, votaron en contra de la Ley de Bases, argumentando que la misma vulnera los derechos y garant\u00edas de los argentinos, y que su aprobaci\u00f3n traer\u00e1 consecuencias negativas a corto plazo. Sergio Acevedo, aunque perteneciente al mismo bloque que Garrido, tambi\u00e9n se opuso al proyecto, expresando la necesidad de un mayor debate dada la trascendencia de la normativa.<\/p>\n\n\n\n<p>La votaci\u00f3n evidenci\u00f3 posturas divergentes entre los representantes de Santa Cruz, reflejando la complejidad y la diversidad de opiniones en torno a la controvertida legislaci\u00f3n.<\/p>\n\n\n\n<figure class=\"wp-block-gallery has-nested-images columns-default is-cropped wp-block-gallery-1 is-layout-flex wp-block-gallery-is-layout-flex\">\n<figure class=\"wp-block-image size-large\"><img loading=\"lazy\" decoding=\"async\" width=\"728\" height=\"415\" data-id=\"1169\" src=\"https:\/\/notidiario24.com.ar\/portalweb\/wp-content\/uploads\/2024\/02\/el-diputado-nacional-por-Santa-Cruz-Sergio-Acevedo-728x415-1.webp\" alt=\"\" class=\"wp-image-1169\" srcset=\"https:\/\/notidiario24.com.ar\/portalweb\/wp-content\/uploads\/2024\/02\/el-diputado-nacional-por-Santa-Cruz-Sergio-Acevedo-728x415-1.webp 728w, https:\/\/notidiario24.com.ar\/portalweb\/wp-content\/uploads\/2024\/02\/el-diputado-nacional-por-Santa-Cruz-Sergio-Acevedo-728x415-1-300x171.webp 300w\" sizes=\"auto, (max-width: 728px) 100vw, 728px\" \/><\/figure>\n\n\n\n<figure class=\"wp-block-image size-large\"><img loading=\"lazy\" decoding=\"async\" width=\"728\" height=\"356\" data-id=\"1172\" src=\"https:\/\/notidiario24.com.ar\/portalweb\/wp-content\/uploads\/2024\/02\/anna-maria-ianni-728x356-1.webp\" alt=\"\" class=\"wp-image-1172\" srcset=\"https:\/\/notidiario24.com.ar\/portalweb\/wp-content\/uploads\/2024\/02\/anna-maria-ianni-728x356-1.webp 728w, https:\/\/notidiario24.com.ar\/portalweb\/wp-content\/uploads\/2024\/02\/anna-maria-ianni-728x356-1-300x147.webp 300w\" sizes=\"auto, (max-width: 728px) 100vw, 728px\" \/><\/figure>\n\n\n\n<figure class=\"wp-block-image size-large\"><img loading=\"lazy\" decoding=\"async\" width=\"728\" height=\"449\" data-id=\"1168\" src=\"https:\/\/notidiario24.com.ar\/portalweb\/wp-content\/uploads\/2024\/02\/kaky-gonzalez-728x449-1.webp\" alt=\"\" class=\"wp-image-1168\" srcset=\"https:\/\/notidiario24.com.ar\/portalweb\/wp-content\/uploads\/2024\/02\/kaky-gonzalez-728x449-1.webp 728w, https:\/\/notidiario24.com.ar\/portalweb\/wp-content\/uploads\/2024\/02\/kaky-gonzalez-728x449-1-300x185.webp 300w\" sizes=\"auto, (max-width: 728px) 100vw, 728px\" \/><\/figure>\n\n\n\n<figure class=\"wp-block-image size-large\"><img loading=\"lazy\" decoding=\"async\" width=\"728\" height=\"409\" data-id=\"1171\" src=\"https:\/\/notidiario24.com.ar\/portalweb\/wp-content\/uploads\/2024\/02\/JOse-luis-garrido-diputados-ley-omnibus-728x409-1.webp\" alt=\"\" class=\"wp-image-1171\" srcset=\"https:\/\/notidiario24.com.ar\/portalweb\/wp-content\/uploads\/2024\/02\/JOse-luis-garrido-diputados-ley-omnibus-728x409-1.webp 728w, https:\/\/notidiario24.com.ar\/portalweb\/wp-content\/uploads\/2024\/02\/JOse-luis-garrido-diputados-ley-omnibus-728x409-1-300x169.webp 300w\" sizes=\"auto, (max-width: 728px) 100vw, 728px\" \/><\/figure>\n\n\n\n<figure class=\"wp-block-image size-large\"><img loading=\"lazy\" decoding=\"async\" width=\"728\" height=\"347\" data-id=\"1170\" src=\"https:\/\/notidiario24.com.ar\/portalweb\/wp-content\/uploads\/2024\/02\/rozana-reyes-1-728x347-1.webp\" alt=\"\" class=\"wp-image-1170\" srcset=\"https:\/\/notidiario24.com.ar\/portalweb\/wp-content\/uploads\/2024\/02\/rozana-reyes-1-728x347-1.webp 728w, https:\/\/notidiario24.com.ar\/portalweb\/wp-content\/uploads\/2024\/02\/rozana-reyes-1-728x347-1-300x143.webp 300w\" sizes=\"auto, (max-width: 728px) 100vw, 728px\" \/><\/figure>\n<\/figure>\n","protected":false},"excerpt":{"rendered":"<p>Los diputados de la provincia de Santa Cruz han mostrado una divisi\u00f3n en sus votaciones con respecto a<\/p>\n","protected":false},"author":1,"featured_media":1167,"comment_status":"closed","ping_status":"closed","sticky":false,"template":"","format":"standard","meta":{"footnotes":""},"categories":[4],"tags":[],"class_list":["post-1166","post","type-post","status-publish","format-standard","has-post-thumbnail","hentry","category-politica"],"_links":{"self":[{"href":"https:\/\/notidiario24.com.ar\/portalweb\/wp-json\/wp\/v2\/posts\/1166","targetHints":{"allow":["GET"]}}],"collection":[{"href":"https:\/\/notidiario24.com.ar\/portalweb\/wp-json\/wp\/v2\/posts"}],"about":[{"href":"https:\/\/notidiario24.com.ar\/portalweb\/wp-json\/wp\/v2\/types\/post"}],"author":[{"embeddable":true,"href":"https:\/\/notidiario24.com.ar\/portalweb\/wp-json\/wp\/v2\/users\/1"}],"replies":[{"embeddable":true,"href":"https:\/\/notidiario24.com.ar\/portalweb\/wp-json\/wp\/v2\/comments?post=1166"}],"version-history":[{"count":1,"href":"https:\/\/notidiario24.com.ar\/portalweb\/wp-json\/wp\/v2\/posts\/1166\/revisions"}],"predecessor-version":[{"id":1173,"href":"https:\/\/notidiario24.com.ar\/portalweb\/wp-json\/wp\/v2\/posts\/1166\/revisions\/1173"}],"wp:featuredmedia":[{"embeddable":true,"href":"https:\/\/notidiario24.com.ar\/portalweb\/wp-json\/wp\/v2\/media\/1167"}],"wp:attachment":[{"href":"https:\/\/notidiario24.com.ar\/portalweb\/wp-json\/wp\/v2\/media?parent=1166"}],"wp:term":[{"taxonomy":"category","embeddable":true,"href":"https:\/\/notidiario24.com.ar\/portalweb\/wp-json\/wp\/v2\/categories?post=1166"},{"taxonomy":"post_tag","embeddable":true,"href":"https:\/\/notidiario24.com.ar\/portalweb\/wp-json\/wp\/v2\/tags?post=1166"}],"curies":[{"name":"wp","href":"https:\/\/api.w.org\/{rel}","templated":true}]}}