{"id":1162,"date":"2024-02-03T14:41:32","date_gmt":"2024-02-03T14:41:32","guid":{"rendered":"https:\/\/notidiario24.com.ar\/portalweb\/?p=1162"},"modified":"2024-02-03T14:41:33","modified_gmt":"2024-02-03T14:41:33","slug":"encuentro-provincial-de-debate-y-accion-en-puerto-san-julian","status":"publish","type":"post","link":"https:\/\/notidiario24.com.ar\/portalweb\/2024\/02\/03\/encuentro-provincial-de-debate-y-accion-en-puerto-san-julian\/","title":{"rendered":"Encuentro Provincial de Debate y Acci\u00f3n en Puerto San Juli\u00e1n"},"content":{"rendered":"\n<p>Con el centro de la provincia como escenario del debate; dirigentes, referentes pol\u00edticos, ex candidatos de Uni\u00f3n por la Patria en las elecciones del 2023 y vecinos en general se dieron cita para analizar la realidad actual y pensar estrategias de cara a resistir el impacto de las pol\u00edticas de ajuste y generar alternativas esperanzadoras ante la fuerte p\u00e9rdida del poder adquisitivo como consecuencia de las medidas de Naci\u00f3n.<\/p>\n\n\n\n<!--more-->\n\n\n\n<p>El encuentro tuvo lugar en la Asociaci\u00f3n Racing Club de Pto. San Juli\u00e1n a las 17:00 hs, congregando a diversos sectores de la comunidad, con la presencia del actual Intendente de R\u00edo Gallegos Pablo Grasso. El espacio avanza rumbo a generar foros de debate en todo el territorio, un lugar participativo que desemboque en propuestas para paliar la crisis y repensar el desarrollo de la provincia.<\/p>\n\n\n\n<p>En este evento, se resalt\u00f3 la importancia de la participaci\u00f3n horizontal y la escucha activa para enfrentar los desaf\u00edos actuales y defender los intereses santacruce\u00f1os. Los participantes se comprometieron a trabajar rumbo a construir una provincia y una patria mejor, defendiendo conquistas y abogando por un Estado promotor de derechos.<br>En el medio de la reuni\u00f3n y el debate se dio la votaci\u00f3n en general de la Ley \u00f3mnibus y hubo fuerte repudio a los diputados que votaron a favor, Roxana Reyes y Jos\u00e9 Luis Garrido.<br>Participaron actuales y ex intendentes de distintos lugares de la provincia, concejales y candidatos del peronismo en las elecciones del a\u00f1o pasado.<br>Este espacio buscar\u00e1 fortalecerse en dos dimensiones: la resistencia para morigerar el impacto de las pol\u00edticas econ\u00f3micas y la construcci\u00f3n de un esquema que d\u00e9 garant\u00edas de continuidad al proyecto de justicia social. En este marco y como uno de los objetivos clave se coincidi\u00f3 en trabajar para recomponer la tarea de militancia en cada localidad.<br>Finalmente coincidieron en que muchos hogares se encuentran en situaci\u00f3n de emergencia y desamparo adem\u00e1s de plantear la necesidad de una mayor presencia de los organismos pertinentes para contener esta crisis econ\u00f3mica y social.<\/p>\n\n\n\n<figure class=\"wp-block-gallery has-nested-images columns-default is-cropped wp-block-gallery-1 is-layout-flex wp-block-gallery-is-layout-flex\">\n<figure class=\"wp-block-image size-large\"><img loading=\"lazy\" decoding=\"async\" width=\"1024\" height=\"576\" data-id=\"1164\" src=\"https:\/\/notidiario24.com.ar\/portalweb\/wp-content\/uploads\/2024\/02\/WhatsApp-Image-2024-02-02-at-21.25.42-1024x576.jpeg\" alt=\"\" class=\"wp-image-1164\" srcset=\"https:\/\/notidiario24.com.ar\/portalweb\/wp-content\/uploads\/2024\/02\/WhatsApp-Image-2024-02-02-at-21.25.42-1024x576.jpeg 1024w, https:\/\/notidiario24.com.ar\/portalweb\/wp-content\/uploads\/2024\/02\/WhatsApp-Image-2024-02-02-at-21.25.42-300x169.jpeg 300w, https:\/\/notidiario24.com.ar\/portalweb\/wp-content\/uploads\/2024\/02\/WhatsApp-Image-2024-02-02-at-21.25.42-768x432.jpeg 768w, https:\/\/notidiario24.com.ar\/portalweb\/wp-content\/uploads\/2024\/02\/WhatsApp-Image-2024-02-02-at-21.25.42.jpeg 1280w\" sizes=\"auto, (max-width: 1024px) 100vw, 1024px\" \/><\/figure>\n\n\n\n<figure class=\"wp-block-image size-large\"><img loading=\"lazy\" decoding=\"async\" width=\"1024\" height=\"576\" data-id=\"1163\" src=\"https:\/\/notidiario24.com.ar\/portalweb\/wp-content\/uploads\/2024\/02\/WhatsApp-Image-2024-02-02-at-21.25.42-1-1024x576.jpeg\" alt=\"\" class=\"wp-image-1163\" srcset=\"https:\/\/notidiario24.com.ar\/portalweb\/wp-content\/uploads\/2024\/02\/WhatsApp-Image-2024-02-02-at-21.25.42-1-1024x576.jpeg 1024w, https:\/\/notidiario24.com.ar\/portalweb\/wp-content\/uploads\/2024\/02\/WhatsApp-Image-2024-02-02-at-21.25.42-1-300x169.jpeg 300w, https:\/\/notidiario24.com.ar\/portalweb\/wp-content\/uploads\/2024\/02\/WhatsApp-Image-2024-02-02-at-21.25.42-1-768x432.jpeg 768w, https:\/\/notidiario24.com.ar\/portalweb\/wp-content\/uploads\/2024\/02\/WhatsApp-Image-2024-02-02-at-21.25.42-1.jpeg 1280w\" sizes=\"auto, (max-width: 1024px) 100vw, 1024px\" \/><\/figure>\n<\/figure>\n","protected":false},"excerpt":{"rendered":"<p>Con el centro de la provincia como escenario del debate; dirigentes, referentes pol\u00edticos, ex candidatos de Uni\u00f3n por<\/p>\n","protected":false},"author":1,"featured_media":1163,"comment_status":"closed","ping_status":"closed","sticky":false,"template":"","format":"standard","meta":{"footnotes":""},"categories":[4],"tags":[],"class_list":["post-1162","post","type-post","status-publish","format-standard","has-post-thumbnail","hentry","category-politica"],"_links":{"self":[{"href":"https:\/\/notidiario24.com.ar\/portalweb\/wp-json\/wp\/v2\/posts\/1162","targetHints":{"allow":["GET"]}}],"collection":[{"href":"https:\/\/notidiario24.com.ar\/portalweb\/wp-json\/wp\/v2\/posts"}],"about":[{"href":"https:\/\/notidiario24.com.ar\/portalweb\/wp-json\/wp\/v2\/types\/post"}],"author":[{"embeddable":true,"href":"https:\/\/notidiario24.com.ar\/portalweb\/wp-json\/wp\/v2\/users\/1"}],"replies":[{"embeddable":true,"href":"https:\/\/notidiario24.com.ar\/portalweb\/wp-json\/wp\/v2\/comments?post=1162"}],"version-history":[{"count":1,"href":"https:\/\/notidiario24.com.ar\/portalweb\/wp-json\/wp\/v2\/posts\/1162\/revisions"}],"predecessor-version":[{"id":1165,"href":"https:\/\/notidiario24.com.ar\/portalweb\/wp-json\/wp\/v2\/posts\/1162\/revisions\/1165"}],"wp:featuredmedia":[{"embeddable":true,"href":"https:\/\/notidiario24.com.ar\/portalweb\/wp-json\/wp\/v2\/media\/1163"}],"wp:attachment":[{"href":"https:\/\/notidiario24.com.ar\/portalweb\/wp-json\/wp\/v2\/media?parent=1162"}],"wp:term":[{"taxonomy":"category","embeddable":true,"href":"https:\/\/notidiario24.com.ar\/portalweb\/wp-json\/wp\/v2\/categories?post=1162"},{"taxonomy":"post_tag","embeddable":true,"href":"https:\/\/notidiario24.com.ar\/portalweb\/wp-json\/wp\/v2\/tags?post=1162"}],"curies":[{"name":"wp","href":"https:\/\/api.w.org\/{rel}","templated":true}]}}