{"id":1149,"date":"2024-02-03T14:00:01","date_gmt":"2024-02-03T14:00:01","guid":{"rendered":"https:\/\/notidiario24.com.ar\/portalweb\/?p=1149"},"modified":"2024-02-03T14:00:02","modified_gmt":"2024-02-03T14:00:02","slug":"el-gobierno-instalara-proyectos-productivos-en-rio-turbio-y-28-de-noviembre","status":"publish","type":"post","link":"https:\/\/notidiario24.com.ar\/portalweb\/2024\/02\/03\/el-gobierno-instalara-proyectos-productivos-en-rio-turbio-y-28-de-noviembre\/","title":{"rendered":"El Gobierno instalar\u00e1 proyectos productivos en R\u00edo Turbio y 28 de Noviembre"},"content":{"rendered":"\n<p>El gobernador Claudio Vidal sobrevol\u00f3 hoy a bordo de un helic\u00f3ptero, la zona de la precordillera de 28 de Noviembre y R\u00edo Turbio, donde se desarrollar\u00e1n dos proyectos productivos de alto impacto. Por un lado en la fracci\u00f3n 85 se avanzar\u00e1 en un proyecto de agricultura important\u00edsimo, mientras que en el Bosque Mazaruca de la localidad de R\u00edo Turbio, se instalar\u00e1 un aserradero.<\/p>\n\n\n\n<!--more-->\n\n\n\n<p>\u201cEn este bosque contamos con m\u00e1s de 6.800 hect\u00e1reas. Queremos poner nuevamente en marcha el viejo aserradero y volver a producir y generar empleo genuino con salario digno, entendiendo que la provincia de Santa Cruz y nuestro pa\u00eds, saldr\u00e1n adelante con acciones como estas\u201d, expres\u00f3 el Gobernador.<\/p>\n\n\n\n<p>Para la puesta en marcha del aserradero, el Ejecutivo Provincial firmar\u00e1 un convenio con el Municipio Local para la explotaci\u00f3n en conjunto del mismo. La idea es que el aserradero sea m\u00f3vil, ya que esto permitir\u00e1 el trasladado a otros puntos del bosque a explotar. Adem\u00e1s todos los desechos que se generen, se podr\u00e1n utilizar como le\u00f1a para uso en los domicilios de quienes no tengan gas.<\/p>\n\n\n\n<p>Este proyecto cuenta con un ambicioso y completo plan de manejo ambiental, elaborado por un grupo de especialistas en bosques, encabezado por Pablo P\u00e9rez. A la vez, incluye un estudio exhaustivo de la zona a explotar con demarcaci\u00f3n por GPS. Es decir que se cuenta con la ubicaci\u00f3n individual de los \u00e1rboles que se pueden talar y lo que no. Actualmente el Bosque Mazaruca, est\u00e1 considerado como zona amarilla, lo que implica que el mismo se puede intervenir.<\/p>\n\n\n\n<p>\u201cEducaci\u00f3n, trabajo y producci\u00f3n, es el camino y con estas iniciativas, estamos dando un paso m\u00e1s al desarrollo que necesitamos en la provincia\u201d, expres\u00f3 el mandatario.<\/p>\n\n\n\n<p>Por otra parte, Vidal manifest\u00f3 que ser\u00eda muy importante que todos entendieran que m\u00e1s all\u00e1 de la dif\u00edcil situaci\u00f3n que atraviesa tanto nuestro pa\u00eds como nuestra provincia, podemos salir adelante. \u201cVamos a salir adelante con trabajo, esa es la \u00fanica forma de poner de pie a Santa Cruz\u201d, recalc\u00f3.<\/p>\n\n\n\n<p>Durante el vuelo, el mandatario provincial fue acompa\u00f1ado por el presidente del Consejo Agrario Provincial, Adri\u00e1n Su\u00e1rez; y el intendente de R\u00edo Turbio, Dar\u00edo Menna.<\/p>\n\n\n\n<figure class=\"wp-block-gallery has-nested-images columns-default is-cropped wp-block-gallery-1 is-layout-flex wp-block-gallery-is-layout-flex\">\n<figure class=\"wp-block-image size-large\"><img loading=\"lazy\" decoding=\"async\" width=\"1024\" height=\"576\" data-id=\"1151\" src=\"https:\/\/notidiario24.com.ar\/portalweb\/wp-content\/uploads\/2024\/02\/DSC4748_1-1024x576.jpg\" alt=\"\" class=\"wp-image-1151\" srcset=\"https:\/\/notidiario24.com.ar\/portalweb\/wp-content\/uploads\/2024\/02\/DSC4748_1-1024x576.jpg 1024w, https:\/\/notidiario24.com.ar\/portalweb\/wp-content\/uploads\/2024\/02\/DSC4748_1-300x169.jpg 300w, https:\/\/notidiario24.com.ar\/portalweb\/wp-content\/uploads\/2024\/02\/DSC4748_1-768x432.jpg 768w, https:\/\/notidiario24.com.ar\/portalweb\/wp-content\/uploads\/2024\/02\/DSC4748_1-1536x864.jpg 1536w, https:\/\/notidiario24.com.ar\/portalweb\/wp-content\/uploads\/2024\/02\/DSC4748_1.jpg 2000w\" sizes=\"auto, (max-width: 1024px) 100vw, 1024px\" \/><\/figure>\n\n\n\n<figure class=\"wp-block-image size-large\"><img loading=\"lazy\" decoding=\"async\" width=\"1024\" height=\"576\" data-id=\"1152\" src=\"https:\/\/notidiario24.com.ar\/portalweb\/wp-content\/uploads\/2024\/02\/DSC4701_1-1024x576.jpg\" alt=\"\" class=\"wp-image-1152\" srcset=\"https:\/\/notidiario24.com.ar\/portalweb\/wp-content\/uploads\/2024\/02\/DSC4701_1-1024x576.jpg 1024w, https:\/\/notidiario24.com.ar\/portalweb\/wp-content\/uploads\/2024\/02\/DSC4701_1-300x169.jpg 300w, https:\/\/notidiario24.com.ar\/portalweb\/wp-content\/uploads\/2024\/02\/DSC4701_1-768x432.jpg 768w, https:\/\/notidiario24.com.ar\/portalweb\/wp-content\/uploads\/2024\/02\/DSC4701_1-1536x864.jpg 1536w, https:\/\/notidiario24.com.ar\/portalweb\/wp-content\/uploads\/2024\/02\/DSC4701_1-2048x1153.jpg 2048w\" sizes=\"auto, (max-width: 1024px) 100vw, 1024px\" \/><\/figure>\n<\/figure>\n","protected":false},"excerpt":{"rendered":"<p>El gobernador Claudio Vidal sobrevol\u00f3 hoy a bordo de un helic\u00f3ptero, la zona de la precordillera de 28<\/p>\n","protected":false},"author":1,"featured_media":1150,"comment_status":"closed","ping_status":"closed","sticky":false,"template":"","format":"standard","meta":{"footnotes":""},"categories":[4],"tags":[],"class_list":["post-1149","post","type-post","status-publish","format-standard","has-post-thumbnail","hentry","category-politica"],"_links":{"self":[{"href":"https:\/\/notidiario24.com.ar\/portalweb\/wp-json\/wp\/v2\/posts\/1149","targetHints":{"allow":["GET"]}}],"collection":[{"href":"https:\/\/notidiario24.com.ar\/portalweb\/wp-json\/wp\/v2\/posts"}],"about":[{"href":"https:\/\/notidiario24.com.ar\/portalweb\/wp-json\/wp\/v2\/types\/post"}],"author":[{"embeddable":true,"href":"https:\/\/notidiario24.com.ar\/portalweb\/wp-json\/wp\/v2\/users\/1"}],"replies":[{"embeddable":true,"href":"https:\/\/notidiario24.com.ar\/portalweb\/wp-json\/wp\/v2\/comments?post=1149"}],"version-history":[{"count":1,"href":"https:\/\/notidiario24.com.ar\/portalweb\/wp-json\/wp\/v2\/posts\/1149\/revisions"}],"predecessor-version":[{"id":1153,"href":"https:\/\/notidiario24.com.ar\/portalweb\/wp-json\/wp\/v2\/posts\/1149\/revisions\/1153"}],"wp:featuredmedia":[{"embeddable":true,"href":"https:\/\/notidiario24.com.ar\/portalweb\/wp-json\/wp\/v2\/media\/1150"}],"wp:attachment":[{"href":"https:\/\/notidiario24.com.ar\/portalweb\/wp-json\/wp\/v2\/media?parent=1149"}],"wp:term":[{"taxonomy":"category","embeddable":true,"href":"https:\/\/notidiario24.com.ar\/portalweb\/wp-json\/wp\/v2\/categories?post=1149"},{"taxonomy":"post_tag","embeddable":true,"href":"https:\/\/notidiario24.com.ar\/portalweb\/wp-json\/wp\/v2\/tags?post=1149"}],"curies":[{"name":"wp","href":"https:\/\/api.w.org\/{rel}","templated":true}]}}