{"id":1146,"date":"2024-02-03T13:54:19","date_gmt":"2024-02-03T13:54:19","guid":{"rendered":"https:\/\/notidiario24.com.ar\/portalweb\/?p=1146"},"modified":"2024-02-03T13:54:20","modified_gmt":"2024-02-03T13:54:20","slug":"se-adelanta-la-paritaria-docente-sera-el-6-de-febrero","status":"publish","type":"post","link":"https:\/\/notidiario24.com.ar\/portalweb\/2024\/02\/03\/se-adelanta-la-paritaria-docente-sera-el-6-de-febrero\/","title":{"rendered":"Se adelanta la paritaria docente: ser\u00e1 el 6 de febrero"},"content":{"rendered":"\n<p>El Ministerio de Trabajo, Empleo y Seguridad de la provincia de Santa Cruz, notific\u00f3 al Consejo Provincial de Educaci\u00f3n y a las entidades gremiales Asociaci\u00f3n del Magisterio de Ense\u00f1anza T\u00e9cnica (AMET) y Asociaci\u00f3n de Docentes de Santa Cruz (ADOSAC), a la fecha de la primera mesa de negociaci\u00f3n colectiva.<\/p>\n\n\n\n<!--more-->\n\n\n\n<p>La misma se concretar\u00e1 el pr\u00f3ximo martes 6 de febrero a las 17:00 en las instalaciones de la Cartera Educativa, sita en Avenida Kirchner N\u00b01385 de la ciudad de R\u00edo Gallegos.<\/p>\n\n\n\n<p>De este modo, el Gobierno de Santa Cruz a trav\u00e9s de su cartera Laboral abrir\u00e1 el di\u00e1logo con vistas a garantizar el normal inicio del ciclo lectivo 2024.<\/p>\n\n\n\n<p>Cabe recordar, que el pasado 21 de diciembre de 2023 el ministro de Trabajo, Empleo y Seguridad Social, Julio Guti\u00e9rrez, particip\u00f3 de la primera reuni\u00f3n paritaria con ADOSAC y AMET. Por su parte, desde el CPE estuvieron presentes la vicepresidenta, Elizabeth Villarroel, y el vocal del Ejecutivo, Oscar Barrientos.<\/p>\n","protected":false},"excerpt":{"rendered":"<p>El Ministerio de Trabajo, Empleo y Seguridad de la provincia de Santa Cruz, notific\u00f3 al Consejo Provincial de<\/p>\n","protected":false},"author":1,"featured_media":1147,"comment_status":"closed","ping_status":"closed","sticky":false,"template":"","format":"standard","meta":{"footnotes":""},"categories":[1,4],"tags":[],"class_list":["post-1146","post","type-post","status-publish","format-standard","has-post-thumbnail","hentry","category-gremiales","category-politica"],"_links":{"self":[{"href":"https:\/\/notidiario24.com.ar\/portalweb\/wp-json\/wp\/v2\/posts\/1146","targetHints":{"allow":["GET"]}}],"collection":[{"href":"https:\/\/notidiario24.com.ar\/portalweb\/wp-json\/wp\/v2\/posts"}],"about":[{"href":"https:\/\/notidiario24.com.ar\/portalweb\/wp-json\/wp\/v2\/types\/post"}],"author":[{"embeddable":true,"href":"https:\/\/notidiario24.com.ar\/portalweb\/wp-json\/wp\/v2\/users\/1"}],"replies":[{"embeddable":true,"href":"https:\/\/notidiario24.com.ar\/portalweb\/wp-json\/wp\/v2\/comments?post=1146"}],"version-history":[{"count":1,"href":"https:\/\/notidiario24.com.ar\/portalweb\/wp-json\/wp\/v2\/posts\/1146\/revisions"}],"predecessor-version":[{"id":1148,"href":"https:\/\/notidiario24.com.ar\/portalweb\/wp-json\/wp\/v2\/posts\/1146\/revisions\/1148"}],"wp:featuredmedia":[{"embeddable":true,"href":"https:\/\/notidiario24.com.ar\/portalweb\/wp-json\/wp\/v2\/media\/1147"}],"wp:attachment":[{"href":"https:\/\/notidiario24.com.ar\/portalweb\/wp-json\/wp\/v2\/media?parent=1146"}],"wp:term":[{"taxonomy":"category","embeddable":true,"href":"https:\/\/notidiario24.com.ar\/portalweb\/wp-json\/wp\/v2\/categories?post=1146"},{"taxonomy":"post_tag","embeddable":true,"href":"https:\/\/notidiario24.com.ar\/portalweb\/wp-json\/wp\/v2\/tags?post=1146"}],"curies":[{"name":"wp","href":"https:\/\/api.w.org\/{rel}","templated":true}]}}