{"id":1122,"date":"2024-01-31T18:58:08","date_gmt":"2024-01-31T18:58:08","guid":{"rendered":"https:\/\/notidiario24.com.ar\/portalweb\/?p=1122"},"modified":"2024-01-31T18:58:09","modified_gmt":"2024-01-31T18:58:09","slug":"vidal-el-abandono-de-insumos-sanitarios-es-un-delito-seran-denunciados-sus-presuntos-responsables","status":"publish","type":"post","link":"https:\/\/notidiario24.com.ar\/portalweb\/2024\/01\/31\/vidal-el-abandono-de-insumos-sanitarios-es-un-delito-seran-denunciados-sus-presuntos-responsables\/","title":{"rendered":"Vidal: \u201cEl abandono de insumos sanitarios es un delito, ser\u00e1n denunciados sus presuntos responsables\u201d"},"content":{"rendered":"\n<p>Lo manifest\u00f3 el gobernador de la provincia de Santa Cruz en relaci\u00f3n a las partidas leche, insumos y diversos elementos vencidos, que se encontraron en las \u00faltimas horas en el dep\u00f3sito de la Cartera Sanitaria. \u201cEsta no es s\u00f3lo una denuncia p\u00fablica, honrar\u00e9 a mi pueblo con la verdad. Se trata de abandono e inhumanidad\u201d, enfatiz\u00f3.<\/p>\n\n\n\n<!--more-->\n\n\n\n<p>Luego de conocer los resultados del relevamiento que llev\u00f3 adelante ayer el Ministerio de Salud y Ambiente, en el dep\u00f3sito de la cartera y que dej\u00f3 al descubierto diversas irregularidades, el gobernador Claudio Vidal se refiri\u00f3 al respecto. \u201cEl dep\u00f3sito estaba repleto de leche vencida. Tambi\u00e9n est\u00e1n vencidos miles de Test r\u00e1pidos para COVID y mascarillas faciales. Al vencerse, se vuelven in\u00fatiles para el uso de la poblaci\u00f3n que lo necesita\u201d, explic\u00f3.<\/p>\n\n\n\n<p>Por otra parte, el mandatario provincial se\u00f1al\u00f3 que cada vez que se realizan este tipo de inspecciones o relevamientos en distintas dependencias de los organismos, no deja de asombrarse. \u201cMe asusta pensar que estuvimos en manos de personas que odiaban a su propio pueblo. De otro modo, no se puede comprender este abandono, que se roza con la traici\u00f3n al pueblo de Santa Cruz\u201d, recalc\u00f3.<\/p>\n\n\n\n<p>Focalizando especial atenci\u00f3n ante los resultados de lo acontecido en el dep\u00f3sito de Salud, Claudio Vidal, expres\u00f3: \u201cMientras abandonaban insumos y \u2013por consiguiente, personas- el ministro de salud del gobierno anterior, se paseaba en una lujosa camioneta que ninguno de los pacientes que deambulan solicitando asistencia, podr\u00eda siquiera so\u00f1ar con comprarse. Era una camioneta que se hizo comprar con dinero p\u00fablico\u201d.<\/p>\n\n\n\n<p>En cuanto a las acciones que se impulsaran desde el Gobierno de Santa Cruz ante estas irregularidades que se registraron en las \u00faltimas horas y que fueron constatadas por el ministro Ariel Varela y el equipo de legales de Salud, Vidal manifest\u00f3: Lo repito una vez m\u00e1s: Esta no es s\u00f3lo una denuncia p\u00fablica. Lo comunico porque honrar\u00e9 a mi pueblo con la verdad. Pero tambi\u00e9n cursaremos todas las denuncias penales correspondientes. Se trata de abandono e inhumanidad\u201d.<\/p>\n\n\n\n<p>\u201cEl abandono de insumos sanitarios es un delito, ser\u00e1n denunciados sus presuntos responsables. Lo mismo haremos en todas las \u00e1reas del Gobierno. Esa es mi palabra. Estoy cumpliendo\u201d, finaliz\u00f3.<\/p>\n","protected":false},"excerpt":{"rendered":"<p>Lo manifest\u00f3 el gobernador de la provincia de Santa Cruz en relaci\u00f3n a las partidas leche, insumos y<\/p>\n","protected":false},"author":1,"featured_media":1123,"comment_status":"closed","ping_status":"closed","sticky":false,"template":"","format":"standard","meta":{"footnotes":""},"categories":[4],"tags":[],"class_list":["post-1122","post","type-post","status-publish","format-standard","has-post-thumbnail","hentry","category-politica"],"_links":{"self":[{"href":"https:\/\/notidiario24.com.ar\/portalweb\/wp-json\/wp\/v2\/posts\/1122","targetHints":{"allow":["GET"]}}],"collection":[{"href":"https:\/\/notidiario24.com.ar\/portalweb\/wp-json\/wp\/v2\/posts"}],"about":[{"href":"https:\/\/notidiario24.com.ar\/portalweb\/wp-json\/wp\/v2\/types\/post"}],"author":[{"embeddable":true,"href":"https:\/\/notidiario24.com.ar\/portalweb\/wp-json\/wp\/v2\/users\/1"}],"replies":[{"embeddable":true,"href":"https:\/\/notidiario24.com.ar\/portalweb\/wp-json\/wp\/v2\/comments?post=1122"}],"version-history":[{"count":1,"href":"https:\/\/notidiario24.com.ar\/portalweb\/wp-json\/wp\/v2\/posts\/1122\/revisions"}],"predecessor-version":[{"id":1124,"href":"https:\/\/notidiario24.com.ar\/portalweb\/wp-json\/wp\/v2\/posts\/1122\/revisions\/1124"}],"wp:featuredmedia":[{"embeddable":true,"href":"https:\/\/notidiario24.com.ar\/portalweb\/wp-json\/wp\/v2\/media\/1123"}],"wp:attachment":[{"href":"https:\/\/notidiario24.com.ar\/portalweb\/wp-json\/wp\/v2\/media?parent=1122"}],"wp:term":[{"taxonomy":"category","embeddable":true,"href":"https:\/\/notidiario24.com.ar\/portalweb\/wp-json\/wp\/v2\/categories?post=1122"},{"taxonomy":"post_tag","embeddable":true,"href":"https:\/\/notidiario24.com.ar\/portalweb\/wp-json\/wp\/v2\/tags?post=1122"}],"curies":[{"name":"wp","href":"https:\/\/api.w.org\/{rel}","templated":true}]}}