{"id":1119,"date":"2024-01-31T18:56:07","date_gmt":"2024-01-31T18:56:07","guid":{"rendered":"https:\/\/notidiario24.com.ar\/portalweb\/?p=1119"},"modified":"2024-01-31T18:56:08","modified_gmt":"2024-01-31T18:56:08","slug":"pablo-grasso-se-reunio-con-hugo-y-pablo-moyano","status":"publish","type":"post","link":"https:\/\/notidiario24.com.ar\/portalweb\/2024\/01\/31\/pablo-grasso-se-reunio-con-hugo-y-pablo-moyano\/","title":{"rendered":"Pablo Grasso se reuni\u00f3 con Hugo y Pablo Moyano"},"content":{"rendered":"\n<p>Hoy, en la Ciudad de Buenos Aires, el intendente de R\u00edo Gallegos, Pablo Grasso, se reuni\u00f3 con los l\u00edderes sindicales Hugo Moyano y Pablo Moyano de Camioneros. El encuentro tom\u00f3 lugar despu\u00e9s de un fallo judicial que respalda el reclamo de la CGT contra un apartado espec\u00edfico del DNU de Javier Milei que afecta los derechos de todos los trabajadores.<\/p>\n\n\n\n<!--more-->\n\n\n\n<p>La reuni\u00f3n marc\u00f3 el inicio de una colaboraci\u00f3n entre el Intendente y los referentes gremiales enfocada en la defensa de los derechos laborales y la oposici\u00f3n a cualquier intento de vulnerar las leyes del trabajo.<\/p>\n\n\n\n<p>El n\u00facleo central fue la firme defensa de cada puesto de trabajo, buscando fortalecer la voz de los trabajadores, creando un frente contra las amenazas a sus derechos fundamentales.<\/p>\n","protected":false},"excerpt":{"rendered":"<p>Hoy, en la Ciudad de Buenos Aires, el intendente de R\u00edo Gallegos, Pablo Grasso, se reuni\u00f3 con los<\/p>\n","protected":false},"author":1,"featured_media":1120,"comment_status":"closed","ping_status":"closed","sticky":false,"template":"","format":"standard","meta":{"footnotes":""},"categories":[1,4],"tags":[],"class_list":["post-1119","post","type-post","status-publish","format-standard","has-post-thumbnail","hentry","category-gremiales","category-politica"],"_links":{"self":[{"href":"https:\/\/notidiario24.com.ar\/portalweb\/wp-json\/wp\/v2\/posts\/1119","targetHints":{"allow":["GET"]}}],"collection":[{"href":"https:\/\/notidiario24.com.ar\/portalweb\/wp-json\/wp\/v2\/posts"}],"about":[{"href":"https:\/\/notidiario24.com.ar\/portalweb\/wp-json\/wp\/v2\/types\/post"}],"author":[{"embeddable":true,"href":"https:\/\/notidiario24.com.ar\/portalweb\/wp-json\/wp\/v2\/users\/1"}],"replies":[{"embeddable":true,"href":"https:\/\/notidiario24.com.ar\/portalweb\/wp-json\/wp\/v2\/comments?post=1119"}],"version-history":[{"count":1,"href":"https:\/\/notidiario24.com.ar\/portalweb\/wp-json\/wp\/v2\/posts\/1119\/revisions"}],"predecessor-version":[{"id":1121,"href":"https:\/\/notidiario24.com.ar\/portalweb\/wp-json\/wp\/v2\/posts\/1119\/revisions\/1121"}],"wp:featuredmedia":[{"embeddable":true,"href":"https:\/\/notidiario24.com.ar\/portalweb\/wp-json\/wp\/v2\/media\/1120"}],"wp:attachment":[{"href":"https:\/\/notidiario24.com.ar\/portalweb\/wp-json\/wp\/v2\/media?parent=1119"}],"wp:term":[{"taxonomy":"category","embeddable":true,"href":"https:\/\/notidiario24.com.ar\/portalweb\/wp-json\/wp\/v2\/categories?post=1119"},{"taxonomy":"post_tag","embeddable":true,"href":"https:\/\/notidiario24.com.ar\/portalweb\/wp-json\/wp\/v2\/tags?post=1119"}],"curies":[{"name":"wp","href":"https:\/\/api.w.org\/{rel}","templated":true}]}}