{"id":1038,"date":"2024-01-27T23:28:02","date_gmt":"2024-01-27T23:28:02","guid":{"rendered":"https:\/\/notidiario24.com.ar\/portalweb\/?p=1038"},"modified":"2024-01-27T23:28:03","modified_gmt":"2024-01-27T23:28:03","slug":"grasso-salio-al-cruce-de-vidal-por-los-dichos-sobre-la-coparticipacion","status":"publish","type":"post","link":"https:\/\/notidiario24.com.ar\/portalweb\/2024\/01\/27\/grasso-salio-al-cruce-de-vidal-por-los-dichos-sobre-la-coparticipacion\/","title":{"rendered":"Grasso sali\u00f3 al cruce de Vidal por los dichos sobre la coparticipaci\u00f3n"},"content":{"rendered":"\n<p>lateclapatagonia.com.ar | El intendente capitalino inst\u00f3 al gobernador a dejar de lado los agravios, despu\u00e9s de que el mandatario lo acusara de \u201cladr\u00f3n\u201d en respuesta a las afirmaciones sobre aumentar las partidas a los municipios. En intercambio con LTP, el jefe comunal reiter\u00f3 la necesidad de un reparto m\u00e1s equitativo de fondos.<\/p>\n\n\n\n<!--more-->\n\n\n\n<p>El fin de semana, en el marco de la conformaci\u00f3n de la Multisectorial de R\u00edo Gallegos, el intendente de la ciudad, Pablo Grasso, se expres\u00f3 a favor de aumentar los montos de coparticipaci\u00f3n a los municipios argumentando que la provincia ya est\u00e1 recibiendo un aumento considerable de regal\u00edas tras la suba del d\u00f3lar oficial.<\/p>\n\n\n\n<p>Las palabras del jefe comunal no cayeron bien en los o\u00eddos del gobernador Claudio Vidal, que consultado el mi\u00e9rcoles por la prensa en cuanto a otorgar m\u00e1s recursos a la Capital respondi\u00f3: \u201cYo a un ladr\u00f3n no le voy a dar plata\u201d, acusando a Grasso del uso indebido de fondos para obras y amenazando a recurrir a la Justicia y ulteriormente a Naci\u00f3n por obras, que seg\u00fan las auditor\u00edas ordenadas por el Ejecutivo Provincial, no han sido completadas.<\/p>\n\n\n\n<p>C\u00f3mo r\u00e9plica el intendente capitalino emiti\u00f3 un texto en el que hace un llamado a dejar de lado el insulto y el agravio como formas de construir poder. En sus palabras, Grasso expres\u00f3: \u00abMe dirijo p\u00fablicamente, por los sucesos de las \u00faltimas horas, a la m\u00e1xima autoridad provincial. Hago m\u00edas las palabras de un referente de su partido, al cual ambos respetamos, el diputado nacional Jos\u00e9 Luis Garrido: &#8216;no por ganar unas elecciones alguien es el due\u00f1o de la verdad. La pol\u00edtica no es el arte de negar al otro, la pol\u00edtica es dialogar y construir consensos que incluyan al que piensa distinto'\u00bb.<\/p>\n\n\n\n<p>Adem\u00e1s, el jefe comunal manifest\u00f3 su preocupaci\u00f3n por el constante enojo del gobernador, cuestionando: \u00ab\u00bfQu\u00e9 le pasa Sr. Gobernador para vivir en estado de permanente enojo?\u00bb, e hizo hincapi\u00e9 en que la pol\u00edtica gubernamental no debe basarse en la amenaza y el amedrentamiento, sugiriendo que \u00abesto es un \u00e1mbito de pol\u00edtica abierta, distinto al sindical y ya es hora de que por el bien com\u00fan, usted empiece a dejar a un costado la amenaza y el amedrentamiento como estilo de conducci\u00f3n\u00bb.<\/p>\n\n\n\n<p>El intendente record\u00f3 la relaci\u00f3n previa entre ambos dirigentes, se\u00f1alando: \u00abHasta hace muy poco tiempo estaba en nuestro Frente, trabajando codo a codo. De repente todo aquel que fue un compa\u00f1ero, que lo ayud\u00f3 en sus primeros pasos, es el enemigo? No es el camino\u00bb. Asimismo, reiter\u00f3 que desde su sector no est\u00e1n conspirando contra el gobernador y le record\u00f3 que el oficialismo cuenta con el respaldo de diez intendencias.<\/p>\n\n\n\n<p>En relaci\u00f3n con las acciones que considera inapropiadas, Grasso afirm\u00f3: \u00abNo es que me falte el respeto con calumnias, est\u00e1 cruzando l\u00edmites enviando a los domicilios particulares de sus opositores a &#8216;presionar'\u00bb, a lo que expres\u00f3 su preocupaci\u00f3n por el impacto en las familias.<\/p>\n\n\n\n<p>En ese sentido, dej\u00f3 una invitaci\u00f3n sentarse a dialogar para el beneficio de los vecinos y vecinas, destacando que \u00abno nos votaron para esto\u00bb y que deben ocuparse de los problemas de la provincia en un contexto de ajuste y recesi\u00f3n.\u00bbEn esta tierra que supo parir a un Presidente que sac\u00f3 a la Argentina del infierno, caminemos juntos, Sr. Gobernador. Con respeto a su investidura. Con el deseo de transitar sin mezquindades los siguientes 4 a\u00f1os, lo invito a buscar el consenso y la concordia que pol\u00edticos como Freddy Mart\u00ednez y N\u00e9stor Kirchner nos supieron entregar como legado\u00bb, considero.<\/p>\n\n\n\n<p>Coparticipaci\u00f3n y los debates que se vienen<\/p>\n\n\n\n<p>En comunicaci\u00f3n con La Tecla Patagonia, el intendente capitalino destac\u00f3 la situaci\u00f3n econ\u00f3mica actual de Santa Cruz, haciendo \u00e9nfasis en el aumento significativo de las regal\u00edas que recibe la provincia y los efectos que deber\u00edan tener en materia de coparticipaci\u00f3n. \u00abCuando se liquidan las regal\u00edas para la provincia, se realizaba a 367 pesos. Hoy, se liquidan las regal\u00edas con un d\u00f3lar casi de 870 pesos. Entonces, autom\u00e1ticamente la provincia est\u00e1 recibiendo m\u00e1s del doble de regal\u00edas que lo que recib\u00eda antes, en concepto de coparticipaciones por parte del Gobierno Nacional\u00bb, expuso.<\/p>\n\n\n\n<p>Adem\u00e1s de plantear la discusi\u00f3n sobre el reparto a los municipios, Grasso coment\u00f3 la idea de \u201cpoder trabajar en otras medidas que puedan beneficiar a todos y cada uno de los municipios de mi provincia debido a la problem\u00e1tica nacional que el ajuste est\u00e1 siendo muy complicado con las tarifas que vienen ahora a discutirse, con las privatizaciones, especialmente YCRT, y el retroceso de YPF en la zona norte de la provincia de Santa Cruz\u00bb.<\/p>\n","protected":false},"excerpt":{"rendered":"<p>lateclapatagonia.com.ar | El intendente capitalino inst\u00f3 al gobernador a dejar de lado los agravios, despu\u00e9s de que el<\/p>\n","protected":false},"author":1,"featured_media":1039,"comment_status":"closed","ping_status":"closed","sticky":false,"template":"","format":"standard","meta":{"footnotes":""},"categories":[4],"tags":[],"class_list":["post-1038","post","type-post","status-publish","format-standard","has-post-thumbnail","hentry","category-politica"],"_links":{"self":[{"href":"https:\/\/notidiario24.com.ar\/portalweb\/wp-json\/wp\/v2\/posts\/1038","targetHints":{"allow":["GET"]}}],"collection":[{"href":"https:\/\/notidiario24.com.ar\/portalweb\/wp-json\/wp\/v2\/posts"}],"about":[{"href":"https:\/\/notidiario24.com.ar\/portalweb\/wp-json\/wp\/v2\/types\/post"}],"author":[{"embeddable":true,"href":"https:\/\/notidiario24.com.ar\/portalweb\/wp-json\/wp\/v2\/users\/1"}],"replies":[{"embeddable":true,"href":"https:\/\/notidiario24.com.ar\/portalweb\/wp-json\/wp\/v2\/comments?post=1038"}],"version-history":[{"count":1,"href":"https:\/\/notidiario24.com.ar\/portalweb\/wp-json\/wp\/v2\/posts\/1038\/revisions"}],"predecessor-version":[{"id":1040,"href":"https:\/\/notidiario24.com.ar\/portalweb\/wp-json\/wp\/v2\/posts\/1038\/revisions\/1040"}],"wp:featuredmedia":[{"embeddable":true,"href":"https:\/\/notidiario24.com.ar\/portalweb\/wp-json\/wp\/v2\/media\/1039"}],"wp:attachment":[{"href":"https:\/\/notidiario24.com.ar\/portalweb\/wp-json\/wp\/v2\/media?parent=1038"}],"wp:term":[{"taxonomy":"category","embeddable":true,"href":"https:\/\/notidiario24.com.ar\/portalweb\/wp-json\/wp\/v2\/categories?post=1038"},{"taxonomy":"post_tag","embeddable":true,"href":"https:\/\/notidiario24.com.ar\/portalweb\/wp-json\/wp\/v2\/tags?post=1038"}],"curies":[{"name":"wp","href":"https:\/\/api.w.org\/{rel}","templated":true}]}}