{"id":1035,"date":"2024-01-27T23:22:32","date_gmt":"2024-01-27T23:22:32","guid":{"rendered":"https:\/\/notidiario24.com.ar\/portalweb\/?p=1035"},"modified":"2024-01-27T23:22:33","modified_gmt":"2024-01-27T23:22:33","slug":"marcial-cane-en-la-caja-de-prevision-social-tenemos-un-deficit-anual-muy-alto","status":"publish","type":"post","link":"https:\/\/notidiario24.com.ar\/portalweb\/2024\/01\/27\/marcial-cane-en-la-caja-de-prevision-social-tenemos-un-deficit-anual-muy-alto\/","title":{"rendered":"Marcial Can\u00e9: \u201cEn la Caja de Previsi\u00f3n Social tenemos un d\u00e9ficit anual muy alto\u201d"},"content":{"rendered":"\n<p>El presidente de la instituci\u00f3n previsional brind\u00f3 una entrevista a Canal 9. All\u00ed visibiliz\u00f3 el d\u00e9ficit financiero que arrastra el organismo y explic\u00f3 la implementaci\u00f3n del nuevo sistema liquidador, que se puso en funcionamiento luego de m\u00e1s de 10 a\u00f1os de trabajo.<\/p>\n\n\n\n<!--more-->\n\n\n\n<p>En primer lugar, Marcial Can\u00e9, quien est\u00e1 al frente de la Caja de Previsi\u00f3n Social desde diciembre, celebr\u00f3 la puesta en marcha del nuevo sistema liquidador. \u201cEs un logro que llev\u00f3 un proceso de doce a\u00f1os y que en el camino pas\u00f3 mucha gente porque hubo que cargar los legajos uno por uno. Nosotros trabajamos con alrededor de 50 escalas salariales y todas tienen su particularidad. Est\u00e1bamos con el sistema COBOL, que es muy antiguo y ya hab\u00eda que darlo de baja porque tambi\u00e9n ten\u00eda demasiados parches\u201d, detall\u00f3.<\/p>\n\n\n\n<p>\u201cSiempre, con el avance de un sistema a otro, aparecen algunos inconvenientes. Este mes tuvimos la carga de un seguro que no correspond\u00eda, pero en un mes ya se va a resolver todo. Habilitamos la sede central, aunque estamos de feria, para que la gente pueda buscar su recibo de haberes\u201d, declar\u00f3 sobre las particularidades del proceso de un sistema a otro.<\/p>\n\n\n\n<p>En otro tramo de la entrevista con el canal de la provincia, Can\u00e9 dijo que \u201cel estado financiero de la Caja de Previsi\u00f3n Social es delicado\u201d y argument\u00f3 que \u201ces responsabilidad de todos porque sab\u00edamos que en alg\u00fan momento iba a colapsar. Cuando nace la Caja, todos aportaban y hab\u00eda pocos beneficiarios. En esta etapa, que tenemos m\u00e1s de 21 mil de beneficiarios, los aportes de los activos no alcanzan\u201d<\/p>\n\n\n\n<p>\u201cTenemos -esclareci\u00f3 el presidente- un d\u00e9ficit de casi 5 mil millones de pesos mensuales. Al a\u00f1o, sumando el aguinaldo, son m\u00e1s de 55 mil millones de d\u00e9ficit. Es necesario hacer algo. El gobernador, los funcionarios y los diputados, que van a tener la responsabilidad de tomar decisiones, tienen que saber el estado real. Nosotros vamos a poner todas nuestras \u00e1reas t\u00e9cnicas a disposici\u00f3n y a explicar lo que vemos hacia adelante\u201d.<\/p>\n\n\n\n<p>El titular del organismo previsional de Santa Cruz indic\u00f3 que \u201cel gobernador nos va a encargar la propuesta en base a eso y la vamos a militar con los intendentes, los diputados, los gremios y la ciudadan\u00eda en su conjunto. Lo previsional es de todos\u201d. \u201cNo hay que olvidar -record\u00f3- que nuestro r\u00e9gimen es el m\u00e1s beneficioso del pa\u00eds\u201d.<\/p>\n\n\n\n<p>Para concluir, Can\u00e9 valor\u00f3 que Santa Cruz es una de las 13 provincias que no entreg\u00f3 su Caja a la ANSES y afirm\u00f3 que \u201cno la queremos entregar\u201d. \u201cPor eso vamos a trabajar para mejorarla\u201d, finaliz\u00f3.<\/p>\n","protected":false},"excerpt":{"rendered":"<p>El presidente de la instituci\u00f3n previsional brind\u00f3 una entrevista a Canal 9. All\u00ed visibiliz\u00f3 el d\u00e9ficit financiero que<\/p>\n","protected":false},"author":1,"featured_media":1036,"comment_status":"closed","ping_status":"closed","sticky":false,"template":"","format":"standard","meta":{"footnotes":""},"categories":[4],"tags":[],"class_list":["post-1035","post","type-post","status-publish","format-standard","has-post-thumbnail","hentry","category-politica"],"_links":{"self":[{"href":"https:\/\/notidiario24.com.ar\/portalweb\/wp-json\/wp\/v2\/posts\/1035","targetHints":{"allow":["GET"]}}],"collection":[{"href":"https:\/\/notidiario24.com.ar\/portalweb\/wp-json\/wp\/v2\/posts"}],"about":[{"href":"https:\/\/notidiario24.com.ar\/portalweb\/wp-json\/wp\/v2\/types\/post"}],"author":[{"embeddable":true,"href":"https:\/\/notidiario24.com.ar\/portalweb\/wp-json\/wp\/v2\/users\/1"}],"replies":[{"embeddable":true,"href":"https:\/\/notidiario24.com.ar\/portalweb\/wp-json\/wp\/v2\/comments?post=1035"}],"version-history":[{"count":1,"href":"https:\/\/notidiario24.com.ar\/portalweb\/wp-json\/wp\/v2\/posts\/1035\/revisions"}],"predecessor-version":[{"id":1037,"href":"https:\/\/notidiario24.com.ar\/portalweb\/wp-json\/wp\/v2\/posts\/1035\/revisions\/1037"}],"wp:featuredmedia":[{"embeddable":true,"href":"https:\/\/notidiario24.com.ar\/portalweb\/wp-json\/wp\/v2\/media\/1036"}],"wp:attachment":[{"href":"https:\/\/notidiario24.com.ar\/portalweb\/wp-json\/wp\/v2\/media?parent=1035"}],"wp:term":[{"taxonomy":"category","embeddable":true,"href":"https:\/\/notidiario24.com.ar\/portalweb\/wp-json\/wp\/v2\/categories?post=1035"},{"taxonomy":"post_tag","embeddable":true,"href":"https:\/\/notidiario24.com.ar\/portalweb\/wp-json\/wp\/v2\/tags?post=1035"}],"curies":[{"name":"wp","href":"https:\/\/api.w.org\/{rel}","templated":true}]}}