{"id":1023,"date":"2024-01-26T14:33:01","date_gmt":"2024-01-26T14:33:01","guid":{"rendered":"https:\/\/notidiario24.com.ar\/portalweb\/?p=1023"},"modified":"2024-01-26T14:33:02","modified_gmt":"2024-01-26T14:33:02","slug":"camara-de-diputados-de-la-nacion-ianni-elevo-pedido-de-informes-por-las-represas","status":"publish","type":"post","link":"https:\/\/notidiario24.com.ar\/portalweb\/2024\/01\/26\/camara-de-diputados-de-la-nacion-ianni-elevo-pedido-de-informes-por-las-represas\/","title":{"rendered":"C\u00e1mara de Diputados de la Naci\u00f3n | Ianni elev\u00f3 pedido de informes por las Represas"},"content":{"rendered":"\n<p>La diputada santacruce\u00f1a solicit\u00f3 al Gobierno Nacional que de a conocer si avanzar\u00e1n con las gestiones para la continuidad de las obras. \u201cEs una decisi\u00f3n pol\u00edtica y necesitamos certezas\u201d asegur\u00f3.<\/p>\n\n\n\n<!--more-->\n\n\n\n<p>El proyecto de autor\u00eda de la diputada Ana Mar\u00eda Ianni, que cuenta tambi\u00e9n con la firma del diputado Gustavo Gonz\u00e1lez, fue ingresado en la C\u00e1mara Baja en el d\u00eda de ayer.<\/p>\n\n\n\n<p>El texto solicita al Poder Ejecutivo Nacional que, a trav\u00e9s de la Secretar\u00eda de Energ\u00eda y su organismo encargado del sector energ\u00e9tico del pa\u00eds Energ\u00eda Argentina S. A. (ENARSA), informe \u201csi hay voluntad de firmar las adendas para destrabar los fondos, si est\u00e1 regularizado el pago a los empleados, y conocer los acuerdos alcanzados con la empresa china Gezhouba en su \u00faltima visita\u201d.<\/p>\n\n\n\n<p>Asimismo, se le pide que comunique si \u201cest\u00e1 en los planes retomar las obras m\u00e1s all\u00e1 de las relaciones con la Rep\u00fablica Popular China, y si prev\u00e9 realizar nuevos compromisos en el marco de las privatizaciones anunciadas en la \u201cLeyOmnibus\u201d.<\/p>\n\n\n\n<p>El proyecto hidroel\u00e9ctrico de las represas \u201cN\u00e9stor Kirchner\u201d y \u201cJorge Cepernic\u201d es considerada como una de las m\u00e1s importantes obras que posibilitar\u00e1 el aprovechamiento hidroel\u00e9ctrico del r\u00edo Santa Cruz.<\/p>\n\n\n\n<p>Cabe recordar que durante la gesti\u00f3n de Mauricio Macri, los trabajos en las represas estuvieron paralizados. Luego, y gracias al compromiso de quienes tuvieron a cargo el organismo de ENARSA bajo el gobierno de Alberto Fern\u00e1ndez, se consiguieron las firmas necesarias para la Adenda 10 y Adenda 11 que destrabaron los fondos chinos y las obras se retomaron.<\/p>\n\n\n\n<p>\u201cLos santacruce\u00f1os necesitamos saber si hay voluntad pol\u00edtica de concretar esta obra fundamental para la generaci\u00f3n de energ\u00eda el\u00e9ctrica en nuestro pa\u00eds\u201d enfatiz\u00f3 Ianni.<\/p>\n\n\n\n<p>Proyecto para declarar de orden p\u00fablico el R\u00e9gimen de Zona Fr\u00eda<\/p>\n\n\n\n<p>En tanto, la diputada Ana Mar\u00eda Ianni acompa\u00f1\u00f3 un proyecto de ley de la legisladora chubutense Eugenia Alianiello que propone declarar de orden p\u00fablico el R\u00e9gimen de Zona Fr\u00eda y su ampliaci\u00f3n \u201cpara defender el derecho de acceder al servicio de gas a un precio justo, que beneficia a m\u00e1s de cuatro millones de argentinos que viven en zonas de bajas temperaturas\u201d.<\/p>\n\n\n\n<p>De aprobarse la Ley \u00d3mnibus enviada por el Gobierno Nacional, estos usuarios perder\u00edan el beneficio pasando a abonar entre un 30 y un 50% m\u00e1s caro el servicio de gas.<\/p>\n","protected":false},"excerpt":{"rendered":"<p>La diputada santacruce\u00f1a solicit\u00f3 al Gobierno Nacional que de a conocer si avanzar\u00e1n con las gestiones para la<\/p>\n","protected":false},"author":1,"featured_media":539,"comment_status":"closed","ping_status":"closed","sticky":false,"template":"","format":"standard","meta":{"footnotes":""},"categories":[4],"tags":[],"class_list":["post-1023","post","type-post","status-publish","format-standard","has-post-thumbnail","hentry","category-politica"],"_links":{"self":[{"href":"https:\/\/notidiario24.com.ar\/portalweb\/wp-json\/wp\/v2\/posts\/1023","targetHints":{"allow":["GET"]}}],"collection":[{"href":"https:\/\/notidiario24.com.ar\/portalweb\/wp-json\/wp\/v2\/posts"}],"about":[{"href":"https:\/\/notidiario24.com.ar\/portalweb\/wp-json\/wp\/v2\/types\/post"}],"author":[{"embeddable":true,"href":"https:\/\/notidiario24.com.ar\/portalweb\/wp-json\/wp\/v2\/users\/1"}],"replies":[{"embeddable":true,"href":"https:\/\/notidiario24.com.ar\/portalweb\/wp-json\/wp\/v2\/comments?post=1023"}],"version-history":[{"count":1,"href":"https:\/\/notidiario24.com.ar\/portalweb\/wp-json\/wp\/v2\/posts\/1023\/revisions"}],"predecessor-version":[{"id":1025,"href":"https:\/\/notidiario24.com.ar\/portalweb\/wp-json\/wp\/v2\/posts\/1023\/revisions\/1025"}],"wp:featuredmedia":[{"embeddable":true,"href":"https:\/\/notidiario24.com.ar\/portalweb\/wp-json\/wp\/v2\/media\/539"}],"wp:attachment":[{"href":"https:\/\/notidiario24.com.ar\/portalweb\/wp-json\/wp\/v2\/media?parent=1023"}],"wp:term":[{"taxonomy":"category","embeddable":true,"href":"https:\/\/notidiario24.com.ar\/portalweb\/wp-json\/wp\/v2\/categories?post=1023"},{"taxonomy":"post_tag","embeddable":true,"href":"https:\/\/notidiario24.com.ar\/portalweb\/wp-json\/wp\/v2\/tags?post=1023"}],"curies":[{"name":"wp","href":"https:\/\/api.w.org\/{rel}","templated":true}]}}