{"id":1017,"date":"2024-01-25T17:50:57","date_gmt":"2024-01-25T17:50:57","guid":{"rendered":"https:\/\/notidiario24.com.ar\/portalweb\/?p=1017"},"modified":"2024-01-25T17:50:58","modified_gmt":"2024-01-25T17:50:58","slug":"vidal-reunio-a-la-mesa-politico-sindical-en-un-ano-y-medio-tendremos-independencia-economica","status":"publish","type":"post","link":"https:\/\/notidiario24.com.ar\/portalweb\/2024\/01\/25\/vidal-reunio-a-la-mesa-politico-sindical-en-un-ano-y-medio-tendremos-independencia-economica\/","title":{"rendered":"Vidal reuni\u00f3 a la mesa pol\u00edtico sindical: \u201cEn un a\u00f1o y medio tendremos independencia econ\u00f3mica\u201d"},"content":{"rendered":"\n<p>Por primera vez en lo que va de su mandato, el gobernador reuni\u00f3 a los representantes gremiales y pol\u00edticos de casi 20 organizaciones de la provincia. El c\u00f3nclave funciona desde hace mucho tiempo y el mandatario decidi\u00f3 darle continuidad.<\/p>\n\n\n\n<!--more-->\n\n\n\n<p>El gobernador de la provincia de Santa Cruz, Claudio Vidal, volvi\u00f3 a reunir a la Mesa Pol\u00edtico Sindical, esta vez ya desde en su rol al frente del Poder Ejecutivo provincial.<\/p>\n\n\n\n<p>Luego de trazar un duro diagn\u00f3stico de la actualidad provincial y nacional, defini\u00f3 que \u201cen un a\u00f1o y medio tendremos independencia econ\u00f3mica del gobierno nacional, podremos gobernar sin depender de los ingresos nacionales de Coparticipaci\u00f3n (COPA) o las partidas discrecionales que llegaban como aportes del Tesoro\u201d.<\/p>\n\n\n\n<p>Les comunic\u00f3 que \u201choy Naci\u00f3n ya no env\u00eda m\u00e1s fondos por v\u00eda de aportes y nos dijeron que no hay m\u00e1s plata que la Coparticipaci\u00f3n\u201d. En ese contexto, desde Santa Cruz estamos rogando que afloje la recesi\u00f3n porque cae la COPA; y eso a su vez complica a los municipios, que tambi\u00e9n reciben menos dinero, que se necesita para que las cosas funcionen, para que funcione la salud, la educaci\u00f3n\u201d.<\/p>\n\n\n\n<p>\u201cPrefiero equivocarme laburando, es lo que me van a ver haciendo todos los d\u00edas \u2013especific\u00f3-, voy a recorrer la provincia todos los d\u00edas y voy a poner la cara en todos lados, las veces que tenga que poner la cara. El d\u00eda que me equivoque es f\u00e1cil, me lo dicen y lo hablamos; siempre con respeto, con educaci\u00f3n. Soy uno m\u00e1s de ustedes, con otras responsabilidades\u201d.<\/p>\n\n\n\n<p>De la reuni\u00f3n participaron, entre otros, los gremios y organizaciones de Luz y Fuerza, Sutep, Apap, Amet, Secafip, Upsra, Fento, Panaderos, Aleara, Petroleros Jer\u00e1rquicos, Taxis, Atemsa, Atumpa, Sadop, Aatrac, Fraternidad, Vialidad Nacional, Upsap, Federaci\u00f3n de la carne, Somu y Sitigas.<\/p>\n\n\n\n<figure class=\"wp-block-gallery has-nested-images columns-default is-cropped wp-block-gallery-1 is-layout-flex wp-block-gallery-is-layout-flex\">\n<figure class=\"wp-block-image size-large\"><img loading=\"lazy\" decoding=\"async\" width=\"1024\" height=\"576\" data-id=\"1020\" src=\"https:\/\/notidiario24.com.ar\/portalweb\/wp-content\/uploads\/2024\/01\/Mesa_poltico-sindical_3-1024x576.jpeg\" alt=\"\" class=\"wp-image-1020\" srcset=\"https:\/\/notidiario24.com.ar\/portalweb\/wp-content\/uploads\/2024\/01\/Mesa_poltico-sindical_3-1024x576.jpeg 1024w, https:\/\/notidiario24.com.ar\/portalweb\/wp-content\/uploads\/2024\/01\/Mesa_poltico-sindical_3-300x169.jpeg 300w, https:\/\/notidiario24.com.ar\/portalweb\/wp-content\/uploads\/2024\/01\/Mesa_poltico-sindical_3-768x432.jpeg 768w, https:\/\/notidiario24.com.ar\/portalweb\/wp-content\/uploads\/2024\/01\/Mesa_poltico-sindical_3-1536x864.jpeg 1536w, https:\/\/notidiario24.com.ar\/portalweb\/wp-content\/uploads\/2024\/01\/Mesa_poltico-sindical_3.jpeg 1600w\" sizes=\"auto, (max-width: 1024px) 100vw, 1024px\" \/><\/figure>\n\n\n\n<figure class=\"wp-block-image size-large\"><img loading=\"lazy\" decoding=\"async\" width=\"1024\" height=\"576\" data-id=\"1019\" src=\"https:\/\/notidiario24.com.ar\/portalweb\/wp-content\/uploads\/2024\/01\/Mesa_poltico-sindical_2-1024x576.jpeg\" alt=\"\" class=\"wp-image-1019\" srcset=\"https:\/\/notidiario24.com.ar\/portalweb\/wp-content\/uploads\/2024\/01\/Mesa_poltico-sindical_2-1024x576.jpeg 1024w, https:\/\/notidiario24.com.ar\/portalweb\/wp-content\/uploads\/2024\/01\/Mesa_poltico-sindical_2-300x169.jpeg 300w, https:\/\/notidiario24.com.ar\/portalweb\/wp-content\/uploads\/2024\/01\/Mesa_poltico-sindical_2-768x432.jpeg 768w, https:\/\/notidiario24.com.ar\/portalweb\/wp-content\/uploads\/2024\/01\/Mesa_poltico-sindical_2-1536x864.jpeg 1536w, https:\/\/notidiario24.com.ar\/portalweb\/wp-content\/uploads\/2024\/01\/Mesa_poltico-sindical_2.jpeg 1600w\" sizes=\"auto, (max-width: 1024px) 100vw, 1024px\" \/><\/figure>\n\n\n\n<figure class=\"wp-block-image size-large\"><img loading=\"lazy\" decoding=\"async\" width=\"900\" height=\"506\" data-id=\"1018\" src=\"https:\/\/notidiario24.com.ar\/portalweb\/wp-content\/uploads\/2024\/01\/89c204177784075aa09602d541b9ea21_XL.jpg\" alt=\"\" class=\"wp-image-1018\" srcset=\"https:\/\/notidiario24.com.ar\/portalweb\/wp-content\/uploads\/2024\/01\/89c204177784075aa09602d541b9ea21_XL.jpg 900w, https:\/\/notidiario24.com.ar\/portalweb\/wp-content\/uploads\/2024\/01\/89c204177784075aa09602d541b9ea21_XL-300x169.jpg 300w, https:\/\/notidiario24.com.ar\/portalweb\/wp-content\/uploads\/2024\/01\/89c204177784075aa09602d541b9ea21_XL-768x432.jpg 768w\" sizes=\"auto, (max-width: 900px) 100vw, 900px\" \/><\/figure>\n<\/figure>\n","protected":false},"excerpt":{"rendered":"<p>Por primera vez en lo que va de su mandato, el gobernador reuni\u00f3 a los representantes gremiales y<\/p>\n","protected":false},"author":1,"featured_media":1021,"comment_status":"closed","ping_status":"closed","sticky":false,"template":"","format":"standard","meta":{"footnotes":""},"categories":[1],"tags":[],"class_list":["post-1017","post","type-post","status-publish","format-standard","has-post-thumbnail","hentry","category-gremiales"],"_links":{"self":[{"href":"https:\/\/notidiario24.com.ar\/portalweb\/wp-json\/wp\/v2\/posts\/1017","targetHints":{"allow":["GET"]}}],"collection":[{"href":"https:\/\/notidiario24.com.ar\/portalweb\/wp-json\/wp\/v2\/posts"}],"about":[{"href":"https:\/\/notidiario24.com.ar\/portalweb\/wp-json\/wp\/v2\/types\/post"}],"author":[{"embeddable":true,"href":"https:\/\/notidiario24.com.ar\/portalweb\/wp-json\/wp\/v2\/users\/1"}],"replies":[{"embeddable":true,"href":"https:\/\/notidiario24.com.ar\/portalweb\/wp-json\/wp\/v2\/comments?post=1017"}],"version-history":[{"count":1,"href":"https:\/\/notidiario24.com.ar\/portalweb\/wp-json\/wp\/v2\/posts\/1017\/revisions"}],"predecessor-version":[{"id":1022,"href":"https:\/\/notidiario24.com.ar\/portalweb\/wp-json\/wp\/v2\/posts\/1017\/revisions\/1022"}],"wp:featuredmedia":[{"embeddable":true,"href":"https:\/\/notidiario24.com.ar\/portalweb\/wp-json\/wp\/v2\/media\/1021"}],"wp:attachment":[{"href":"https:\/\/notidiario24.com.ar\/portalweb\/wp-json\/wp\/v2\/media?parent=1017"}],"wp:term":[{"taxonomy":"category","embeddable":true,"href":"https:\/\/notidiario24.com.ar\/portalweb\/wp-json\/wp\/v2\/categories?post=1017"},{"taxonomy":"post_tag","embeddable":true,"href":"https:\/\/notidiario24.com.ar\/portalweb\/wp-json\/wp\/v2\/tags?post=1017"}],"curies":[{"name":"wp","href":"https:\/\/api.w.org\/{rel}","templated":true}]}}