{"id":1007,"date":"2024-01-24T00:38:09","date_gmt":"2024-01-24T00:38:09","guid":{"rendered":"https:\/\/notidiario24.com.ar\/portalweb\/?p=1007"},"modified":"2024-01-24T00:38:10","modified_gmt":"2024-01-24T00:38:10","slug":"produccion-trabaja-en-la-creacion-de-un-parque-industrial-en-la-esperanza","status":"publish","type":"post","link":"https:\/\/notidiario24.com.ar\/portalweb\/2024\/01\/24\/produccion-trabaja-en-la-creacion-de-un-parque-industrial-en-la-esperanza\/","title":{"rendered":"Producci\u00f3n trabaja en la creaci\u00f3n de un Parque Industrial en La Esperanza"},"content":{"rendered":"\n<p>El Ministerio de Producci\u00f3n, Comercio e Industria, junto al Consejo Agrario Provincial recorrieron el predio ubicado en paraje La Esperanza con el objetivo de regularizar el \u00e1rea para la instalaci\u00f3n de una zona industrial, tal como lo anunci\u00f3 el gobernador Claudio Vidal durante su campa\u00f1a.<\/p>\n\n\n\n<!--more-->\n\n\n\n<p>Con el fin de potenciar el trabajo de Palermo Aike y generar un apoyo log\u00edstico necesario para el desarrollo de toda la regi\u00f3n; el Consejo Agrario ceder\u00e1 el predio provincial de La Esperanza al Ministerio de Producci\u00f3n para la regularizaci\u00f3n y gesti\u00f3n del campo que se emplear\u00e1 para la creaci\u00f3n del Parque Industrial.<\/p>\n\n\n\n<p>En este marco, el titular de la cartera Productiva, Gustavo Mart\u00ednez junto a su equipo de la Secretar\u00eda de Comercio e Industria, visitaron el predio guiados por el presidente del CAP, Adri\u00e1n Suarez y personal t\u00e9cnico que se\u00f1alaron las condiciones en las que se haya el catastro rural.<\/p>\n\n\n\n<p>Asimismo, ya se han identificado empresas interesadas en instalarse en esta zona industrial que se encuentra en el inicio de su desarrollo y ordenamiento, para lo cual el Gobierno Provincial est\u00e1 trabajando.<\/p>\n","protected":false},"excerpt":{"rendered":"<p>El Ministerio de Producci\u00f3n, Comercio e Industria, junto al Consejo Agrario Provincial recorrieron el predio ubicado en paraje<\/p>\n","protected":false},"author":1,"featured_media":1008,"comment_status":"closed","ping_status":"closed","sticky":false,"template":"","format":"standard","meta":{"footnotes":""},"categories":[3],"tags":[],"class_list":["post-1007","post","type-post","status-publish","format-standard","has-post-thumbnail","hentry","category-generales"],"_links":{"self":[{"href":"https:\/\/notidiario24.com.ar\/portalweb\/wp-json\/wp\/v2\/posts\/1007","targetHints":{"allow":["GET"]}}],"collection":[{"href":"https:\/\/notidiario24.com.ar\/portalweb\/wp-json\/wp\/v2\/posts"}],"about":[{"href":"https:\/\/notidiario24.com.ar\/portalweb\/wp-json\/wp\/v2\/types\/post"}],"author":[{"embeddable":true,"href":"https:\/\/notidiario24.com.ar\/portalweb\/wp-json\/wp\/v2\/users\/1"}],"replies":[{"embeddable":true,"href":"https:\/\/notidiario24.com.ar\/portalweb\/wp-json\/wp\/v2\/comments?post=1007"}],"version-history":[{"count":1,"href":"https:\/\/notidiario24.com.ar\/portalweb\/wp-json\/wp\/v2\/posts\/1007\/revisions"}],"predecessor-version":[{"id":1009,"href":"https:\/\/notidiario24.com.ar\/portalweb\/wp-json\/wp\/v2\/posts\/1007\/revisions\/1009"}],"wp:featuredmedia":[{"embeddable":true,"href":"https:\/\/notidiario24.com.ar\/portalweb\/wp-json\/wp\/v2\/media\/1008"}],"wp:attachment":[{"href":"https:\/\/notidiario24.com.ar\/portalweb\/wp-json\/wp\/v2\/media?parent=1007"}],"wp:term":[{"taxonomy":"category","embeddable":true,"href":"https:\/\/notidiario24.com.ar\/portalweb\/wp-json\/wp\/v2\/categories?post=1007"},{"taxonomy":"post_tag","embeddable":true,"href":"https:\/\/notidiario24.com.ar\/portalweb\/wp-json\/wp\/v2\/tags?post=1007"}],"curies":[{"name":"wp","href":"https:\/\/api.w.org\/{rel}","templated":true}]}}